{"id":1062,"date":"2024-12-18T00:58:00","date_gmt":"2024-12-17T22:58:00","guid":{"rendered":"https:\/\/kinderhilfe-mesopotamien.de\/kime-prd\/?p=1062"},"modified":"2024-12-18T01:55:54","modified_gmt":"2024-12-17T23:55:54","slug":"offener-brief-an-bundeskanzler-scholz-und-aussenministerin-baerbock-vom-12-12-24","status":"publish","type":"post","link":"https:\/\/kinderhilfe-mesopotamien.de\/kime-prd\/?p=1062","title":{"rendered":"Offener Brief an Bundeskanzler Scholz und Au\u00dfenministerin Baerbock"},"content":{"rendered":"\n<p>Sehr geehrter Herr Bundeskanzler Scholz,&nbsp;<br>sehr geehrte Frau Au\u00dfenministerin Baerbock,&nbsp;<\/p>\n\n\n\n<p>der Sturz des Diktators Assad in Syrien ist ein Schritt, der grunds\u00e4tzlich zu begr\u00fc\u00dfen ist. Allerdings stellen die aktuellen Angriffe der t\u00fcrkeitreuen islamistischen Milizen der SNA auf Rojava\/die Demokratische Selbstverwaltung von Nord- und Ostsyrien (DAANES) eine erhebliche Bedrohung dar. Die T\u00fcrkei nutzt die Situation, um die kurdischen Gebiete und Zivilisten anzugreifen. Es gibt bereits zahlreiche Tote, darunter auch Kinder (siehe Link). Es besteht dar\u00fcber hinaus die Gefahr der Befreiung der IS-K\u00e4mpfer aus den Gef\u00e4ngnissen.&nbsp; Die Kurd*innen haben im Kampf gegen den IS einen unermesslichen Blutzoll gezahlt und durch ihren Einsatz die Welt ein St\u00fcck sicherer gemacht. Es w\u00e4re ein historisches Versagen und eine humanit\u00e4re Katastrophe, diese Menschen jetzt den islamistischen Milizen und den geopolitischen Interessen der T\u00fcrkei zu \u00fcberlassen.&nbsp; Deutschland darf dabei nicht tatenlos zusehen. Die Unterst\u00fctzung der T\u00fcrkei f\u00fcr islamistische Milizen stellt n\u00e4mlich nicht nur eine regionale, sondern auch eine globale Bedrohung dar. Die internationale Gemeinschaft muss verhindern, dass sich diese Gewaltpolitik weiter ausbreitet und die Errungenschaften im Kampf gegen den bewaffneten Islamismus durch die T\u00fcrkei gef\u00e4hrdet werden.&nbsp;&nbsp;<\/p>\n\n\n\n<p>Die Bundesregierung muss handeln:<\/p>\n\n\n\n<p>\u2013 Eintreten f\u00fcr einen umfassenden Waffenstillstand unter Schirmherrschaft der UN, wie ihn auch die Selbstverwaltung fordert<\/p>\n\n\n\n<p>\u2013 Anerkennung der Selbstverwaltung von Rojava\/DAANES, um den Schutz von Minderheiten zu gew\u00e4hrleisten&nbsp;<\/p>\n\n\n\n<p>\u2013 Eintreten f\u00fcr den&nbsp;Schutz der erk\u00e4mpften Befreiung und Gleichberechtigung der Frauen&nbsp;<br>\u2013 Die Demokratischen Kr\u00e4fte Syriens (SDF) im Kampf gegen den IS unterst\u00fctzen, um ein Wiedererstarken der Terrororganisation zu verhindern&nbsp;<br>\u2013 Druck auf die T\u00fcrkei aus\u00fcben, um die Angriffe auf die kurdischen Gebiete zu stoppen&nbsp;<\/p>\n\n\n\n<p>Mit freundlichen Gr\u00fc\u00dfen,<\/p>\n\n\n\n<p>St\u00e4dtefreundschaft Frankfurt-Kobane e. V.<br>St\u00e4dtepartnerschaft Friedrichshain-Kreuzberg \u2013 D\u00earik e.V.<br>St\u00e4dtepartnerschaft K\u00f6ln \u2013 Qamishlo&nbsp;<br>St\u00e4dtepartnerschaft Oldenburg \u2013 Rakka e.V.<br>Responders e.V.<br>Welle gGmbH<br>Kinderhilfe Mesopotamien e.V.<br>Initiative K\u00f6lner helfen<\/p>\n\n\n\n<p>Anlage:<\/p>\n\n\n\n<p><a href=\"https:\/\/nordundostsyrien.de\/erklaerung-andauernder-krieg-tuerkei\/\">Pressemitteilung der Selbstverwaltung&nbsp;<\/a> \u2013 Massaker an Zivilisten im Dorf Safiya in Ain Issa<\/p>\n\n\n\n<p><strong>Unterst\u00fctzer*innen:<\/strong><\/p>\n\n\n\n<p>Unterst\u00fctzer*innen:<\/p>\n\n\n\n<p>\u2013 Fl\u00fcchtlingshilfe Borchen e.V.<\/p>\n\n\n\n<p>\u2013 Europakomitee Stiftung der freien Frau in Syrien (WJAS)<\/p>\n\n\n\n<p>\u2013 Hilfsbund f\u00fcr Kinder in Not e.V.<\/p>\n\n\n\n<p>\u2013 Gesellschaft f\u00fcr bedrohte V\u00f6lker (GfbV)<\/p>\n\n\n\n<p>\u2013 Die Gesch\u00e4ftsf\u00fchrung der \u201eWelle gGmbH\u201c<\/p>\n\n\n\n<p>\u2013 Familien f\u00fcr den Frieden e.V.<\/p>\n\n\n\n<p>\u2013 Freundschaftsverein Marburg-Kurdistan e.V.<br>\u2013&nbsp;F\u00f6rderverein der Kreispartnerschaft Herford- Kobane\/Nordsyrien e.V.<br>\u2013 Initiative Frieden Hoffnung e.V.<br>\u2013 Darmst\u00e4dter Solikreis Kurdistan-Rojava<br>\u2013 Seebr\u00fccke Krefeld<br>\u2013 Fl\u00fcchtlingsrat Mainz<br>\u2013 Mosbach gegen Rechts<br>\u2013 Entwicklungspolitisches Netzwerk Hessen (EPN)<\/p>\n\n\n\n<p>\u2013 Civan Abkulut, Integrationsrat Essen<\/p>\n\n\n\n<p>\u2013 Dr. M. Wilk Notarzt\/ Psychotherapeut<\/p>\n\n\n\n<p>\u2013 Dr. Mechthild Exo<\/p>\n\n\n\n<p>\u2013 Die Gesch\u00e4ftsf\u00fchrung der \u201eWelle gGmbH\u201c: Christine B\u00f6rner, Thomas Lutz und Georgios Tsakmakidis<\/p>\n\n\n\n<p>\u2013 Dersim Da\u011fdeviren, Kinder\u00e4rztin, Co-Vorsitzende Kurd-Akad&nbsp;<\/p>\n\n\n\n<p>\u2013 Kurt Bovensiepen, 3. Welt-Haus Frankfurt<\/p>\n\n\n\n<p>\u2013 Ulrich Steinheimer, Buchh\u00e4ndler, Gelnhausen<\/p>\n\n\n\n<p>\u2013 Birgit Moxter, Dipl. Sozialarbeiterin, Frankfurt<\/p>\n\n\n\n<p>\u2013 Dr. med. Birgit Koch-Dallend\u00f6rfer, Frankfurt<\/p>\n\n\n\n<p>\u2013 Dr. Willi Mast, Arzt f\u00fcr Allgemeinmedizin, Sprecher von Medizin f\u00fcr Rojava<\/p>\n\n\n\n<p>\u2013 Cornelia Schlothauer, Kunsttherapeutin, R\u00f6dermark<\/p>\n\n\n\n<p>\u2013 Dr. Christine L\u00f6w, Politikwissenschaftlerin, Frankfurt<\/p>\n\n\n\n<p>\u2013 Gerda Balke, Frankfurt<\/p>\n\n\n\n<p>\u2013 Andreas Bornmann, Frankfurt<\/p>\n\n\n\n<p>\u2013 Petra Lehwalder, Pfarrerin, Frankfurt<\/p>\n\n\n\n<p>\u2013 Rebecca Remer, Verwaltungskraft, Frankfurt<\/p>\n\n\n\n<p>\u2013 Christopher Wimmer, Soziologe<\/p>\n\n\n\n<p>\u2013 Ingrid Blauhut-Gr\u00fcnzig, Frankfurt<\/p>\n\n\n\n<p>\u2013 Willy Praml, Regisseur und Theaterleiter<br>\u2013 Raven Kirchner, SPD-Vorsitzender Riederwald, Frankfurt<br>\u2013 Dastan Jasim, Politikwissenschaftlerin<br>\u2013 Christa Goede, Texterin, Hanau<br>\u2013 Sven Jakob, Dipl. Soziologe, Frankfurt<br>\u2013 Dorothea Doehring, Vorstand der NaturFreunde Wiesbaden<br>\u2013 Birgit Heuser, Schauspielerin am Theater Willy Praml im Produktionshaus Naxos, Frankfurt<br>\u2013 Bernd Vogeler, GEW, Pension\u00e4r, Karben<br>\u2013 Dr. Achim Kessler, Ex-MdB, Warschau, Polen<br>\u2013 DIE LINKE. im R\u00f6mer, Frankfurt<br>\u2013 Rita Bilal, Verein \u201eFamilien f\u00fcr den Frieden e. V.\u201c, Neum\u00fcnster<br>\u2013 Christa Blum, \u00c4rztin, IPPNW, Mainz<br>\u2013 Diether Heesemann, Frankfurt<br>\u2013 Keywa Zazaki, Redakteur, Berlin<br>\u2013 Marlies Piontek-Klebch, Bad Soden am Taunus<br>\u2013&nbsp; Dr. Michael Koch (Wissenschaftler, Autor, Menschenrechtsaktivist), Tokata LPSG, Seligenstadt<br>\u2013 Claudia Scheuerer, P\u00e4dagogische Fachkraft, Frankfurt<br>\u2013 Karsten H. Petersen, Frankfurt<br>\u2013 Michael Hartmann, Eichenb\u00fchl<br>\u2013 Angelika Wahl, (Vorsitzende \u201eHelferkreis Asyl Worms e.V.\u201c)<br>\u2013 Anita Vogt, Hofheim im Taunus<br>\u2013 Claudia Strott, Assistenz Jobcenter Migration, 36275 Kirchheim<br>\u2013 Sigrun Schulze-Stadler, IPPNW \/ BIP, Hamburg<br>\u2013 Dr. Martina Hammel, Mainz<br>\u2013 Jossy Oswald, M\u00f6rfelden-Walldorf<br>\u2013 Susanna Bornmann, Angestellte, Frankfurt<br>\u2013 Gisela Becker, Frankfurt<br>\u2013 Elke Enderwitz, Lehrerin, Frankfurt<br>\u2013 Andrea Winter, Rentnerin, S\u00f6hrewald&nbsp;<br>\u2013 Harald Kliczbor, Sozialarbeiter, Bad Nauheim<br>\u2013 J\u00fcrgen Schachschneider, T\u00f6nisvorst<br>\u2013 Lothar Ott, GEW Hessen, Arbeitskreis Internationales, Frankfurt<br>\u2013 Uli B\u00f6hmer, IG Metall, Wiesbaden<br>\u2013 Dr. Kerem Schamberger, Autor und Kommunikationswissenschaftler<br>\u2013 Hannes K\u00f6lle, Psychotherapeut, MediNetz Koblenz, IPPNW<br>\u2013 Barbara Winkler, Rentnerin, Hanau<br>\u2013 Claudia Zervas-Winkler, Rentnerin, Hanau<br>\u2013 Eugen Emmerling, Mitglied der SPD,&nbsp;Frankfurt am Main<br>\u2013 Elke D\u00f6rner-Lichterbeck, Eschborn<br>\u2013 Waltraud Steiof, Frankfurt<br>\u2013 Susanne Asal, Frankfurt<br>\u2013 Walter Schmidt, Frankfurt<br>\u2013 Angelika Schr\u00f6der, Juristin im Ruhestand, B\u00fcndnis gegen Rechts, Darmstadt<br>\u2013 Ulla Diekmann, LAGG e.V., Frankfurt<br>\u2013&nbsp;Prof. i. R. Reiner Diederich,&nbsp;Frankfurt a.M.<br>\u2013 Dr. Annelie Koschella,&nbsp;Bad Soden am Taunus<br>\u2013 Prof. i.R. Dr. Franz Hamburger, Mainz<br>\u2013 Angelika Gr\u00fcnberg, Frankfurt am Main<br>\u2013 Margit Iffert-Roeingh, Sozialarbeiterin, Mainz<br>\u2013 Friedrich Roeingh, Journalist, Mainz&nbsp;<br>\u2013 Ricarda Gr\u00fcnberg, DIE LINKE, Mitglied des Ortsbeirat 11, Frankfurt&nbsp;<br>\u2013 Stefan Klee, DIE LINKE, Mitglied des Ortsbeirat 11, Frankfurt&nbsp;<br>\u2013 Judith D\u00e4hne, Frankfurt<br>\u2013 Brigitte Dohmen, Sozialarbeiterin, Aachen<br>\u2013 Ulrike Heine, Rentnerin<br>\u2013 Eike Jogwer-Welz, Systemische Therapeutin (DGSF), Berlin<br>\u2013 Monika Bunse, Sozialp\u00e4dagogin, Heilbronn<br>\u2013 Roswita Kowarsch, Braunschweig&nbsp;<br>\u2013 Christoph Kowarsch, Braunschweig<br>\u2013 Ruth Jordan, Krankenschwester, Heilbronn&nbsp;<br>\u2013 Miriam Raugust, Personalreferentin, Heilbronn<br>\u2013 Simone Neuroth, Lehrerin, M\u00fchltal<br>\u2013 Michael Riedl, Lehrer, M\u00fchltal&nbsp;<br>\u2013&nbsp;Ute Ru\u00df, Dipl.-Politologin, Kiel<br>\u2013&nbsp;Thomas Gedig, Dipl.-Verwaltungswirt, Kiel<br>\u2013 Gabriele Weiter, Speyer<br>\u2013 Elena Lugert, Gesundheits und Krankenpflegerin, Heilbronn<br>\u2013 Veronika Backhaus, Rentnerin, Wendland<br>\u2013 Angela Sch\u00e4fer, Seebr\u00fccke Krefeld<br>&nbsp;\u2013 Andrea Winter, Rentnerin, S\u00f6hrewald<br>&nbsp;\u2013 Harald Kliczbor, Sozialarbeiter, Bad Nauheim<br>\u2013 J\u00fcrgen Rentz, GEW Hessen, Arbeitskreis Internationales, Frankfurt<br>\u2013 Petra Puls, Maschinenbauingenieur im Ruhestand, Heiligengrabe<br>\u2013 Theodoros Papadopoulos, Informatiker, Frankfurt<br>\u2013 Beatrix Kohr, Floristin, Heilbronn&nbsp;<br>\u2013 Siegbert Kohr, Dipl.-Ing., Heilbronn<br>\u2013 Claudia Tull, VVN-BdA, Frankfurt&nbsp;<br>\u2013 Nina Gerke, P\u00e4dagogische Fachkraft, Frankfurt am Main<br>\u2013 Susann Sch\u00f6lzel, Juristin, Berlin<br>\u2013 Ulrike Radic-Hattenhauer, Dipl. P\u00e4dagogin, Hamm<br>\u2013 Matthias Link-Christmann<br>\u2013 Matthias Bl\u00f6ser, Politikwissenschaftler, Frankfurt am Main<br>\u2013 Gerhard Trabert, Professor f\u00fcr Sozialmedizin und Sozialpsychiatrie, Mainz&nbsp;<br>\u2013&nbsp;Masoud Aqil, Yekmal e.V. Standort Bremen<br>\u2013 Friedrich Vetter, Pfarrer i.R., Mainzer Fl\u00fcchtlingsrat<br>\u2013 Ullrike R\u00f6ding-Gilberg, Rentnerin, Schwalbach am Taunus<br>\u2013 Matthias Link-Christmann, Frankfurt<br>\u2013 Barbara Marie K\u00f6hn, Sonderp\u00e4dagogin im Ruhestand, Dorsten<br>\u2013 Peter Schl\u00fcter, SPD, Mitglied des Ortsbeirat 11, Frankfurt<br>\u2013 Bijan Razavi, Politischer Bildner, Offenbach<br>\u2013 Anna Fischer, Pension\u00e4rin, Bretzfeld<br>\u2013 Jutta Friedrich,&nbsp; Dipl.Ing. (FH), Schwaigern<br>\u2013 Prof. Dr. Gisela Mettele, Hanau<br>\u2013 Arno Huth, Mosbach gegen Rechts<br>\u2013 Achim Lotz, Frankfurt<br>\u2013 Maurella Carbone, Lehrkraft i.R.\/PGMMIB-Gew-Hessen, Frankfurt<\/p>\n","protected":false},"excerpt":{"rendered":"<p>Sehr geehrter Herr Bundeskanzler Scholz,&nbsp;sehr geehrte Frau Au\u00dfenministerin Baerbock,&nbsp; der Sturz des Diktators Assad in Syrien ist ein Schritt, der grunds\u00e4tzlich zu begr\u00fc\u00dfen ist. Allerdings stellen die aktuellen Angriffe der t\u00fcrkeitreuen islamistischen Milizen der SNA auf Rojava\/die Demokratische Selbstverwaltung von Nord- und Ostsyrien (DAANES) eine erhebliche Bedrohung dar. Die T\u00fcrkei [&hellip;]<\/p>\n","protected":false},"author":7,"featured_media":0,"comment_status":"closed","ping_status":"open","sticky":false,"template":"","format":"standard","meta":{"ngg_post_thumbnail":0,"_jetpack_newsletter_access":"","_jetpack_dont_email_post_to_subs":false,"_jetpack_newsletter_tier_id":0,"footnotes":""},"categories":[6],"tags":[],"class_list":["post-1062","post","type-post","status-publish","format-standard","hentry","category-startseite"],"jetpack_featured_media_url":"","jetpack_sharing_enabled":true,"jetpack_shortlink":"https:\/\/wp.me\/pbsrxO-h8","_links":{"self":[{"href":"https:\/\/kinderhilfe-mesopotamien.de\/kime-prd\/index.php?rest_route=\/wp\/v2\/posts\/1062","targetHints":{"allow":["GET"]}}],"collection":[{"href":"https:\/\/kinderhilfe-mesopotamien.de\/kime-prd\/index.php?rest_route=\/wp\/v2\/posts"}],"about":[{"href":"https:\/\/kinderhilfe-mesopotamien.de\/kime-prd\/index.php?rest_route=\/wp\/v2\/types\/post"}],"author":[{"embeddable":true,"href":"https:\/\/kinderhilfe-mesopotamien.de\/kime-prd\/index.php?rest_route=\/wp\/v2\/users\/7"}],"replies":[{"embeddable":true,"href":"https:\/\/kinderhilfe-mesopotamien.de\/kime-prd\/index.php?rest_route=%2Fwp%2Fv2%2Fcomments&post=1062"}],"version-history":[{"count":2,"href":"https:\/\/kinderhilfe-mesopotamien.de\/kime-prd\/index.php?rest_route=\/wp\/v2\/posts\/1062\/revisions"}],"predecessor-version":[{"id":1070,"href":"https:\/\/kinderhilfe-mesopotamien.de\/kime-prd\/index.php?rest_route=\/wp\/v2\/posts\/1062\/revisions\/1070"}],"wp:attachment":[{"href":"https:\/\/kinderhilfe-mesopotamien.de\/kime-prd\/index.php?rest_route=%2Fwp%2Fv2%2Fmedia&parent=1062"}],"wp:term":[{"taxonomy":"category","embeddable":true,"href":"https:\/\/kinderhilfe-mesopotamien.de\/kime-prd\/index.php?rest_route=%2Fwp%2Fv2%2Fcategories&post=1062"},{"taxonomy":"post_tag","embeddable":true,"href":"https:\/\/kinderhilfe-mesopotamien.de\/kime-prd\/index.php?rest_route=%2Fwp%2Fv2%2Ftags&post=1062"}],"curies":[{"name":"wp","href":"https:\/\/api.w.org\/{rel}","templated":true}]}}