{"id":1075,"date":"2025-03-03T15:03:26","date_gmt":"2025-03-03T13:03:26","guid":{"rendered":"https:\/\/kinderhilfe-mesopotamien.de\/kime-prd\/?p=1075"},"modified":"2025-03-07T00:18:23","modified_gmt":"2025-03-06T22:18:23","slug":"newroz-2025","status":"publish","type":"post","link":"https:\/\/kinderhilfe-mesopotamien.de\/kime-prd\/?p=1075","title":{"rendered":"Newroz 2025"},"content":{"rendered":"\n<div class=\"wp-block-columns alignwide is-layout-flex wp-container-core-columns-is-layout-28f84493 wp-block-columns-is-layout-flex\">\n<div class=\"wp-block-column is-layout-flow wp-block-column-is-layout-flow\" style=\"flex-basis:50%\">\n<figure class=\"wp-block-image\"><img loading=\"lazy\" decoding=\"async\" width=\"809\" height=\"1024\" src=\"https:\/\/kinderhilfe-mesopotamien.de\/kime-prd\/wp-content\/uploads\/2025\/03\/KiMe_Newroz-im-Kulturbunker-2025-809x1024.png\" alt=\"\" class=\"wp-image-1076\" srcset=\"https:\/\/kinderhilfe-mesopotamien.de\/kime-prd\/wp-content\/uploads\/2025\/03\/KiMe_Newroz-im-Kulturbunker-2025-809x1024.png 809w, https:\/\/kinderhilfe-mesopotamien.de\/kime-prd\/wp-content\/uploads\/2025\/03\/KiMe_Newroz-im-Kulturbunker-2025-237x300.png 237w, https:\/\/kinderhilfe-mesopotamien.de\/kime-prd\/wp-content\/uploads\/2025\/03\/KiMe_Newroz-im-Kulturbunker-2025-768x972.png 768w, https:\/\/kinderhilfe-mesopotamien.de\/kime-prd\/wp-content\/uploads\/2025\/03\/KiMe_Newroz-im-Kulturbunker-2025.png 1143w\" sizes=\"auto, (max-width: 809px) 100vw, 809px\" \/><\/figure>\n\n\n\n<figure class=\"wp-block-gallery has-nested-images columns-default is-cropped wp-block-gallery-1 is-layout-flex wp-block-gallery-is-layout-flex\"><div class=\"wp-block-image\">\n<figure class=\"alignleft size-large\"><a href=\"https:\/\/kinderhilfe-mesopotamien.de\/kime-prd\/wp-content\/uploads\/2025\/03\/01-Plakat.jpg\"><img loading=\"lazy\" decoding=\"async\" width=\"819\" height=\"1024\" data-id=\"1088\" src=\"https:\/\/kinderhilfe-mesopotamien.de\/kime-prd\/wp-content\/uploads\/2025\/03\/01-Plakat-819x1024.jpg\" alt=\"\" class=\"wp-image-1088\" srcset=\"https:\/\/kinderhilfe-mesopotamien.de\/kime-prd\/wp-content\/uploads\/2025\/03\/01-Plakat-819x1024.jpg 819w, https:\/\/kinderhilfe-mesopotamien.de\/kime-prd\/wp-content\/uploads\/2025\/03\/01-Plakat-240x300.jpg 240w, https:\/\/kinderhilfe-mesopotamien.de\/kime-prd\/wp-content\/uploads\/2025\/03\/01-Plakat-768x960.jpg 768w, https:\/\/kinderhilfe-mesopotamien.de\/kime-prd\/wp-content\/uploads\/2025\/03\/01-Plakat.jpg 1210w\" sizes=\"auto, (max-width: 819px) 100vw, 819px\" \/><\/a><\/figure>\n<\/div><\/figure>\n<\/div>\n\n\n\n<div class=\"wp-block-column is-layout-flow wp-block-column-is-layout-flow\" style=\"flex-basis:50%\">\n<p>Samstag, <strong>22. M\u00e4rz, ab 17 Uhr<\/strong><\/p>\n\n\n\n<p><strong>Kulturbunker<\/strong>, Berliner Str. 20, 51063 K\u00f6ln-M\u00fclheim<\/p>\n\n\n\n<p>Feiert gemeinsam mit <strong>Kinderhilfe Mesopotamien e.V.<\/strong> (mit der Initiative <strong>K\u00f6lner Helfen<\/strong> und der <strong>St\u00e4dtepartnerschaft K\u00f6ln-Qamishlo<\/strong>), sowie <strong>Korsi <\/strong>und dem <strong>Kulturbunker K\u00f6ln-M\u00fclheim<\/strong> das (<strong>kurdische) Neujahrsfest<\/strong>!<\/p>\n\n\n\n<p>Ein <strong>abwechslungsreiches Programm<\/strong> mit Kunst, Musik und Tanz !Unter anderem erwartet euch:<\/p>\n\n\n\n<ul class=\"wp-block-list\">\n<li><strong>Gem\u00e4lde<\/strong> des K\u00fcnstlers <strong>Ali Osman<\/strong> (s. Poster)<\/li>\n\n\n\n<li><strong>Bilderausstellung<\/strong> zur <strong>Frauenrevolution in Rojava<\/strong><\/li>\n\n\n\n<li>In <strong>Klangwelten zwischen Tradition und Moderne<\/strong>, bei denen das reiche Erbe der <strong>kurdischen Musik mit modernen elektronischen Kl\u00e4ngen<\/strong> verschmilzt wird uns Musiker und Produzent Mustafa Demir (Projekt \u201eShahmaran\u201c, Singles \u201eBrusk\u201c und \u201eKurdifusion\u201c) mitnehmen.<\/li>\n\n\n\n<li><strong>Aktuelles zur Lage in Kurdistan und Projekten<\/strong> von KiMe e.V.\/ K\u00f6lner helfen\/ St\u00e4Pa K-Qamishlo <\/li>\n<\/ul>\n\n\n\n<p>                            <strong>Alle sind herzlich willkommen! <\/strong><\/p>\n\n\n\n<p><strong>Tickets <\/strong>k\u00f6nnen im Vorverkauf oder, falls noch vorhanden, an der Abendkasse erworben werden: <\/p>\n\n\n\n<p><strong>10\u20ac Early Birds\/ 14\u20ac Regul\u00e4r\/ 20\u20ac Soli<\/strong> <\/p>\n\n\n\n<p>Sichert euch eure Tickets bevor sie weg sind!<\/p>\n\n\n\n<p>Tickets unter: <a href=\"https:\/\/t.rausgegangen.de\/tickets\/newroz-2025?preview=a0dce2e95e5cb552bfa75c2dcc9c804f6bcff07cd687dd2882c3344bfe2a8de5\">https:\/\/t.rausgegangen.de\/tickets\/newroz-2025?preview=a0dce2e95e5cb552bfa75c2dcc9c804f6bcff07cd687dd2882c3344bfe2a8de<\/a><\/p>\n<\/div>\n<\/div>\n\n\n\n<p><\/p>\n\n\n\n<p><\/p>\n\n\n\n<p><\/p>\n\n\n\n<p><\/p>\n\n\n\n<p><\/p>\n\n\n\n<p><\/p>\n\n\n\n<p><\/p>\n\n\n\n<div class=\"wp-block-columns is-layout-flex wp-container-core-columns-is-layout-28f84493 wp-block-columns-is-layout-flex\">\n<div class=\"wp-block-column is-layout-flow wp-block-column-is-layout-flow\" style=\"flex-basis:100%\">\n<div class=\"wp-block-media-text is-stacked-on-mobile\"><figure class=\"wp-block-media-text__media\"><img loading=\"lazy\" decoding=\"async\" width=\"819\" height=\"1024\" src=\"https:\/\/kinderhilfe-mesopotamien.de\/kime-prd\/wp-content\/uploads\/2025\/03\/2-819x1024.jpg\" alt=\"\" class=\"wp-image-1089 size-full\" srcset=\"https:\/\/kinderhilfe-mesopotamien.de\/kime-prd\/wp-content\/uploads\/2025\/03\/2-819x1024.jpg 819w, https:\/\/kinderhilfe-mesopotamien.de\/kime-prd\/wp-content\/uploads\/2025\/03\/2-240x300.jpg 240w, https:\/\/kinderhilfe-mesopotamien.de\/kime-prd\/wp-content\/uploads\/2025\/03\/2-768x960.jpg 768w, https:\/\/kinderhilfe-mesopotamien.de\/kime-prd\/wp-content\/uploads\/2025\/03\/2.jpg 1210w\" sizes=\"auto, (max-width: 819px) 100vw, 819px\" \/><\/figure><div class=\"wp-block-media-text__content\">\n<p><\/p>\n\n\n\n<figure class=\"wp-block-image size-large is-resized\"><a href=\"https:\/\/kinderhilfe-mesopotamien.de\/kime-prd\/wp-content\/uploads\/2025\/03\/3-1.jpg\"><img loading=\"lazy\" decoding=\"async\" width=\"819\" height=\"1024\" src=\"https:\/\/kinderhilfe-mesopotamien.de\/kime-prd\/wp-content\/uploads\/2025\/03\/3-1-819x1024.jpg\" alt=\"\" class=\"wp-image-1091\" style=\"width:418px;height:auto\" srcset=\"https:\/\/kinderhilfe-mesopotamien.de\/kime-prd\/wp-content\/uploads\/2025\/03\/3-1-819x1024.jpg 819w, https:\/\/kinderhilfe-mesopotamien.de\/kime-prd\/wp-content\/uploads\/2025\/03\/3-1-240x300.jpg 240w, https:\/\/kinderhilfe-mesopotamien.de\/kime-prd\/wp-content\/uploads\/2025\/03\/3-1-768x960.jpg 768w, https:\/\/kinderhilfe-mesopotamien.de\/kime-prd\/wp-content\/uploads\/2025\/03\/3-1.jpg 1210w\" sizes=\"auto, (max-width: 819px) 100vw, 819px\" \/><\/a><\/figure>\n<\/div><\/div>\n<\/div>\n<\/div>\n","protected":false},"excerpt":{"rendered":"<p>Samstag, 22. M\u00e4rz, ab 17 Uhr Kulturbunker, Berliner Str. 20, 51063 K\u00f6ln-M\u00fclheim Feiert gemeinsam mit Kinderhilfe Mesopotamien e.V. (mit der Initiative K\u00f6lner Helfen und der St\u00e4dtepartnerschaft K\u00f6ln-Qamishlo), sowie Korsi und dem Kulturbunker K\u00f6ln-M\u00fclheim das (kurdische) Neujahrsfest! Ein abwechslungsreiches Programm mit Kunst, Musik und Tanz !Unter anderem erwartet euch: Alle sind [&hellip;]<\/p>\n","protected":false},"author":7,"featured_media":0,"comment_status":"closed","ping_status":"open","sticky":false,"template":"","format":"standard","meta":{"ngg_post_thumbnail":0,"_jetpack_newsletter_access":"","_jetpack_dont_email_post_to_subs":false,"_jetpack_newsletter_tier_id":0,"footnotes":""},"categories":[6],"tags":[],"class_list":["post-1075","post","type-post","status-publish","format-standard","hentry","category-startseite"],"jetpack_featured_media_url":"","jetpack_sharing_enabled":true,"jetpack_shortlink":"https:\/\/wp.me\/pbsrxO-hl","_links":{"self":[{"href":"https:\/\/kinderhilfe-mesopotamien.de\/kime-prd\/index.php?rest_route=\/wp\/v2\/posts\/1075","targetHints":{"allow":["GET"]}}],"collection":[{"href":"https:\/\/kinderhilfe-mesopotamien.de\/kime-prd\/index.php?rest_route=\/wp\/v2\/posts"}],"about":[{"href":"https:\/\/kinderhilfe-mesopotamien.de\/kime-prd\/index.php?rest_route=\/wp\/v2\/types\/post"}],"author":[{"embeddable":true,"href":"https:\/\/kinderhilfe-mesopotamien.de\/kime-prd\/index.php?rest_route=\/wp\/v2\/users\/7"}],"replies":[{"embeddable":true,"href":"https:\/\/kinderhilfe-mesopotamien.de\/kime-prd\/index.php?rest_route=%2Fwp%2Fv2%2Fcomments&post=1075"}],"version-history":[{"count":8,"href":"https:\/\/kinderhilfe-mesopotamien.de\/kime-prd\/index.php?rest_route=\/wp\/v2\/posts\/1075\/revisions"}],"predecessor-version":[{"id":1092,"href":"https:\/\/kinderhilfe-mesopotamien.de\/kime-prd\/index.php?rest_route=\/wp\/v2\/posts\/1075\/revisions\/1092"}],"wp:attachment":[{"href":"https:\/\/kinderhilfe-mesopotamien.de\/kime-prd\/index.php?rest_route=%2Fwp%2Fv2%2Fmedia&parent=1075"}],"wp:term":[{"taxonomy":"category","embeddable":true,"href":"https:\/\/kinderhilfe-mesopotamien.de\/kime-prd\/index.php?rest_route=%2Fwp%2Fv2%2Fcategories&post=1075"},{"taxonomy":"post_tag","embeddable":true,"href":"https:\/\/kinderhilfe-mesopotamien.de\/kime-prd\/index.php?rest_route=%2Fwp%2Fv2%2Ftags&post=1075"}],"curies":[{"name":"wp","href":"https:\/\/api.w.org\/{rel}","templated":true}]}}