{"id":49,"date":"2014-02-06T20:15:57","date_gmt":"2014-02-06T18:15:57","guid":{"rendered":"http:\/\/53988587.swh.strato-hosting.eu\/kime-prd\/?p=49"},"modified":"2014-04-11T20:37:24","modified_gmt":"2014-04-11T18:37:24","slug":"weltkindertag-fest-in-koeln-sonntag-den-22-september-2013","status":"publish","type":"post","link":"https:\/\/kinderhilfe-mesopotamien.de\/kime-prd\/?p=49","title":{"rendered":"Weltkindertag-Fest in K\u00f6ln, Sonntag, den 22. September 2013"},"content":{"rendered":"<p><a>Hallo liebe Freundinnen und Freunde, liebe Mitglieder,<br \/>\nHeval \u00fb endam\u00ean heja<br \/>\n<\/a><\/p>\n<p>Unser Verein wird auch in diesem Jahr beim Weltkindertag in K\u00f6ln mitmachen. Dieser findet am diesen \u201eWahl\u201c-Sonntag, dem 22.09.2013, zwischen 12:00 Uhr und 18:00 Uhr statt.<\/p>\n<p>Dabei m\u00f6chten wir unsere Vereinsarbeit einem breiteren Publikum bekannt machen und f\u00fcr die Ziele unseres Vereins werben. Auch dieses Jahr werden wir vor dem Stapelhaus im Rheingarten (Stand-Nr. 73) vertreten sein. N\u00e4here Informationen \u00fcber das Weltkindertag-Fest k\u00f6nnen der offiziellen Homepage des Weltkindertages <a href=\"http:\/\/www.weltkindertag-koeln.de\/\"> www.weltkindertag-koeln.de<\/a> entnommen werden.<\/p>\n<p>Wir haben vor, dort Informationen \u00fcber unsere Aktivit\u00e4ten und Hilfsprojekte in Amed (Diyarbakir), Wan (Van) und Colem\u00earg (Hakk\u00e2ri) zu pr\u00e4sentieren. Dar\u00fcber hinaus bieten wir f\u00fcr die Kinder Geschicklichkeitsspiele, eine Mal- und Bastelecke und das Vorlesen eines kurdischen M\u00e4rchens (und ggf. Kinderschminke \u2013 bei der Kinderschminke brauchen wir noch jemanden, der \/ die helfen kann) an. Hierzu haben wir einen Aufruf insbesondere an unsere Mitglieder in und um K\u00f6ln. Bitte kommt zahlreich dort hin, um KiMe zu unterst\u00fctzen. Wir wollen dort neben dem oben genannten auch Tee \/ Kaffee und verschiedene Cr\u00eapes anbieten, um Einnahmen f\u00fcr unsere Projekte zu realisieren. Wir w\u00fcrden uns freuen, wenn ihr auch dieses Jahr zahlreich erscheint und uns bei den Aktivit\u00e4ten mit den \/ f\u00fcr die Kinder unterst\u00fctzen k\u00f6nnt. Aber auch den Interessierten m\u00fcssen Informationen \u00fcber unseren Verein vermittelt werden. Die hierf\u00fcr notwendigen Materialien liegen vor.<\/p>\n<p><a><br \/>\nVorstand Kinderhilfe Mesopotamien e.V.<\/a><\/p>\n","protected":false},"excerpt":{"rendered":"<p>Hallo liebe Freundinnen und Freunde, liebe Mitglieder, Heval \u00fb endam\u00ean heja Unser Verein wird auch in diesem Jahr beim Weltkindertag in K\u00f6ln mitmachen. Dieser findet am diesen \u201eWahl\u201c-Sonntag, dem 22.09.2013, zwischen 12:00 Uhr und 18:00 Uhr statt. Dabei m\u00f6chten wir unsere Vereinsarbeit einem breiteren Publikum bekannt machen und f\u00fcr die [&hellip;]<\/p>\n","protected":false},"author":5,"featured_media":0,"comment_status":"closed","ping_status":"open","sticky":false,"template":"","format":"standard","meta":{"ngg_post_thumbnail":0,"_jetpack_newsletter_access":"","_jetpack_dont_email_post_to_subs":false,"_jetpack_newsletter_tier_id":0,"footnotes":""},"categories":[4],"tags":[],"class_list":["post-49","post","type-post","status-publish","format-standard","hentry","category-aktivitaeten"],"jetpack_featured_media_url":"","jetpack_sharing_enabled":true,"jetpack_shortlink":"https:\/\/wp.me\/pbsrxO-N","_links":{"self":[{"href":"https:\/\/kinderhilfe-mesopotamien.de\/kime-prd\/index.php?rest_route=\/wp\/v2\/posts\/49","targetHints":{"allow":["GET"]}}],"collection":[{"href":"https:\/\/kinderhilfe-mesopotamien.de\/kime-prd\/index.php?rest_route=\/wp\/v2\/posts"}],"about":[{"href":"https:\/\/kinderhilfe-mesopotamien.de\/kime-prd\/index.php?rest_route=\/wp\/v2\/types\/post"}],"author":[{"embeddable":true,"href":"https:\/\/kinderhilfe-mesopotamien.de\/kime-prd\/index.php?rest_route=\/wp\/v2\/users\/5"}],"replies":[{"embeddable":true,"href":"https:\/\/kinderhilfe-mesopotamien.de\/kime-prd\/index.php?rest_route=%2Fwp%2Fv2%2Fcomments&post=49"}],"version-history":[{"count":1,"href":"https:\/\/kinderhilfe-mesopotamien.de\/kime-prd\/index.php?rest_route=\/wp\/v2\/posts\/49\/revisions"}],"predecessor-version":[{"id":50,"href":"https:\/\/kinderhilfe-mesopotamien.de\/kime-prd\/index.php?rest_route=\/wp\/v2\/posts\/49\/revisions\/50"}],"wp:attachment":[{"href":"https:\/\/kinderhilfe-mesopotamien.de\/kime-prd\/index.php?rest_route=%2Fwp%2Fv2%2Fmedia&parent=49"}],"wp:term":[{"taxonomy":"category","embeddable":true,"href":"https:\/\/kinderhilfe-mesopotamien.de\/kime-prd\/index.php?rest_route=%2Fwp%2Fv2%2Fcategories&post=49"},{"taxonomy":"post_tag","embeddable":true,"href":"https:\/\/kinderhilfe-mesopotamien.de\/kime-prd\/index.php?rest_route=%2Fwp%2Fv2%2Ftags&post=49"}],"curies":[{"name":"wp","href":"https:\/\/api.w.org\/{rel}","templated":true}]}}