{"id":723,"date":"2020-12-30T01:49:15","date_gmt":"2020-12-29T23:49:15","guid":{"rendered":"http:\/\/kinderhilfe-mesopotamien.de\/kime-prd\/?p=723"},"modified":"2020-12-30T01:53:53","modified_gmt":"2020-12-29T23:53:53","slug":"bildung-ist-kinderrecht-und-das-auch-in-der-corona-zeit","status":"publish","type":"post","link":"https:\/\/kinderhilfe-mesopotamien.de\/kime-prd\/?p=723","title":{"rendered":"Bildung ist Kinderrecht &#8211; und das auch in der Corona-Zeit"},"content":{"rendered":"\n<figure class=\"wp-block-image\"><img decoding=\"async\" src=\"https:\/\/lh6.googleusercontent.com\/EkM6RO5WM2jLhr0UnKWKDWDjTLDCvqsUfqXfzojcqyu1KT3iDO-iOuNVLLkO1UCuR2-ubsOFKKN79ebGMwbvOyhY-H79lVkAX9pOxnSCEu1AQTHPdLpYiwUNQQPHNV8gWkSkE3E\" alt=\"\"\/><\/figure>\n\n\n\n<p>Aufgrund der Corona-Pandemie wurden auch in der T\u00fcrkei die Schulen geschlossen und auf Onlineunterricht bzw. Unterricht \u00fcber Fernsehen (wie Telekolleg) umgestellt. Davon sind auch die Kinder unseres Schulpatenschaftsprogramms in Amed (Diyarbakir) betroffen.&nbsp;<\/p>\n\n\n\n<p>Die Sch\u00fcler*innen stehen vor den \u00e4hnlichen Herausforderungen des digitalen Unterrichts wie die Sch\u00fcler*innen hier, jedoch sind die Bedingungen deutlich erschwerter.&nbsp;<\/p>\n\n\n\n<p>Die Schulkinder unseres Programms kommen aus armen Familien, in denen meist mehrere schulpflichtige Kinder in einem Haushalt leben. Kaum eine dieser Familien verf\u00fcgt \u00fcber digitale Endger\u00e4te, wenn \u00fcberhaupt \u00fcber einen Fernseher, so dass die Kinder somit praktisch von ihrem Recht auf Bildung abgeschnitten sind. Um das zu \u00e4ndern, m\u00f6chten wir mit dieser Kampagne daf\u00fcr sorgen, dass die Kinder auch unter Corona-Bedingungen ihr Recht auf Bildung wahrnehmen k\u00f6nnen.<\/p>\n\n\n\n<p>Unser Kooperationspartner hat aus eigenen Mitteln bereits erste Tablets angeschafft und zur Nutzung ausgeliehen. Jedoch reichen diese noch lange nicht aus.&nbsp;<\/p>\n\n\n\n<p>Daher wir bitten um Deine\/ Ihre Unterst\u00fctzung f\u00fcr diese Kinder, damit sie durch Armut und Corona nicht doppelt bestraft werden.<\/p>\n\n\n\n<p>Spendenkonto:&nbsp;<\/p>\n\n\n\n<p><strong>Kinderhilfe Mesopotamien e.V.&nbsp;<br>Volksbank K\u00f6ln Bonn eG<br>IBAN: DE33 3806 01866402491017<br>BIC: GENODED1BRS<br>Stichwort: Bildung digital Amed<\/strong><\/p>\n\n\n\n<p>F\u00fcr Spendenbescheinigungen: Name und Adresse angeben!<br><\/p>\n","protected":false},"excerpt":{"rendered":"<p>Aufgrund der Corona-Pandemie wurden auch in der T\u00fcrkei die Schulen geschlossen und auf Onlineunterricht bzw. Unterricht \u00fcber Fernsehen (wie Telekolleg) umgestellt. Davon sind auch die Kinder unseres Schulpatenschaftsprogramms in Amed (Diyarbakir) betroffen.&nbsp; Die Sch\u00fcler*innen stehen vor den \u00e4hnlichen Herausforderungen des digitalen Unterrichts wie die Sch\u00fcler*innen hier, jedoch sind die Bedingungen [&hellip;]<\/p>\n","protected":false},"author":5,"featured_media":726,"comment_status":"closed","ping_status":"open","sticky":false,"template":"","format":"standard","meta":{"ngg_post_thumbnail":0,"_jetpack_newsletter_access":"","_jetpack_dont_email_post_to_subs":false,"_jetpack_newsletter_tier_id":0,"footnotes":""},"categories":[6],"tags":[],"class_list":["post-723","post","type-post","status-publish","format-standard","has-post-thumbnail","hentry","category-startseite"],"jetpack_featured_media_url":"https:\/\/kinderhilfe-mesopotamien.de\/kime-prd\/wp-content\/uploads\/2020\/12\/Spenden-digitaler-Unterricht-Amed_final.jpg","jetpack_sharing_enabled":true,"jetpack_shortlink":"https:\/\/wp.me\/pbsrxO-bF","_links":{"self":[{"href":"https:\/\/kinderhilfe-mesopotamien.de\/kime-prd\/index.php?rest_route=\/wp\/v2\/posts\/723","targetHints":{"allow":["GET"]}}],"collection":[{"href":"https:\/\/kinderhilfe-mesopotamien.de\/kime-prd\/index.php?rest_route=\/wp\/v2\/posts"}],"about":[{"href":"https:\/\/kinderhilfe-mesopotamien.de\/kime-prd\/index.php?rest_route=\/wp\/v2\/types\/post"}],"author":[{"embeddable":true,"href":"https:\/\/kinderhilfe-mesopotamien.de\/kime-prd\/index.php?rest_route=\/wp\/v2\/users\/5"}],"replies":[{"embeddable":true,"href":"https:\/\/kinderhilfe-mesopotamien.de\/kime-prd\/index.php?rest_route=%2Fwp%2Fv2%2Fcomments&post=723"}],"version-history":[{"count":2,"href":"https:\/\/kinderhilfe-mesopotamien.de\/kime-prd\/index.php?rest_route=\/wp\/v2\/posts\/723\/revisions"}],"predecessor-version":[{"id":727,"href":"https:\/\/kinderhilfe-mesopotamien.de\/kime-prd\/index.php?rest_route=\/wp\/v2\/posts\/723\/revisions\/727"}],"wp:featuredmedia":[{"embeddable":true,"href":"https:\/\/kinderhilfe-mesopotamien.de\/kime-prd\/index.php?rest_route=\/wp\/v2\/media\/726"}],"wp:attachment":[{"href":"https:\/\/kinderhilfe-mesopotamien.de\/kime-prd\/index.php?rest_route=%2Fwp%2Fv2%2Fmedia&parent=723"}],"wp:term":[{"taxonomy":"category","embeddable":true,"href":"https:\/\/kinderhilfe-mesopotamien.de\/kime-prd\/index.php?rest_route=%2Fwp%2Fv2%2Fcategories&post=723"},{"taxonomy":"post_tag","embeddable":true,"href":"https:\/\/kinderhilfe-mesopotamien.de\/kime-prd\/index.php?rest_route=%2Fwp%2Fv2%2Ftags&post=723"}],"curies":[{"name":"wp","href":"https:\/\/api.w.org\/{rel}","templated":true}]}}