{"id":784,"date":"2024-01-22T00:48:23","date_gmt":"2024-01-21T22:48:23","guid":{"rendered":"http:\/\/kinderhilfe-mesopotamien.de\/kime-prd\/?p=784"},"modified":"2024-01-23T00:12:33","modified_gmt":"2024-01-22T22:12:33","slug":"offener-brief-an-die-bundesregierung-ueber-die-auswirkungen-der-luftangriffe-der-tuerkei-auf-nord-und-ostsyrien","status":"publish","type":"post","link":"https:\/\/kinderhilfe-mesopotamien.de\/kime-prd\/?p=784","title":{"rendered":"Offener Brief an die Bundesregierung \u00fcber die Auswirkungen der Luftangriffe der T\u00fcrkei auf Nord- und Ostsyrien"},"content":{"rendered":"\n<p>02.01.2024<br>Zwischen dem 23. und 26. Dezember flogen t\u00fcrkische Kampfflugzeuge und Drohnen 74 Angriffe auf die kritische Infrastruktur Nord- und Ostsyriens (medizinische Einrichtungen, Kulturg\u00fcter, Wasser- und Lebensmittelversorgung), was international als Kriegsverbrechen gilt. Die Bombardierungen hielten in minderer Intensit\u00e4t bis zum 30.12.23 an. Das t\u00fcrkische Verteidigungsministerium bezeichnete die Angriffe als \u201eVergeltung\u201c f\u00fcr den Tod mehrerer t\u00fcrkischer Soldaten bei Guerilla-Aktionen in der Kurdistan-Region des Iraks (KRI).<br>Die Demokratischen Kr\u00e4fte Syriens (SDF) ver\u00f6ffentlichten eine Jahresbilanz, wonach die T\u00fcrkei 2023 den Nordosten Syriens 798 Mal angegriffen hat, davon in 103 F\u00e4llen mit Kampfjets und Drohnen. Bereits Anfang Oktober 2023 hatte die T\u00fcrkei innerhalb weniger Tage gro\u00dfe Teile der zivilen Infrastruktur zerst\u00f6rt, dabei 92 Menschen get\u00f6tet und 89 Menschen verletzt. Zu den Zielen geh\u00f6rten Wasserwerke, \u00d6lraffinerien, Elektrizit\u00e4tswerke, aber auch Gefl\u00fcchtetencamps und Krankenh\u00e4user. Die Reparaturarbeiten hatten gerade erst begonnen, aber es mangelte nach wie vor an Wasser, Elektrizit\u00e4t und Gas.<br>Die Zivilbev\u00f6lkerung in Nord- und Ostsyrien hat nichts mit den K\u00e4mpfen der Guerilla im Irak gegen die zunehmende Okkupation irakischen Territoriums durch die T\u00fcrkei zu tun.<br>Die Angriffe haben dramatische Folgen: Angesichts des umfassenden Embargos gegen Nord- und Ostsyrien sind zerst\u00f6rte bzw. besch\u00e4digte Kraftwerke, Fabriken, Nahrungsmitteldepots und vor allem medizinische Einrichtungen nicht zu ersetzen.<\/p>\n\n\n\n<p><strong>Auch von deutschen NGOs getragene Einrichtungen zerst\u00f6rt<\/strong><br>Das durch die Angriffe vollkommen zerst\u00f6rte \u201aKobani Medical Center\u2018 (https:\/\/www.ardmediathek.de\/video\/ZjdiNDZjNWMtMDRkNy00NmViLWJmOWQtZmRhZGIxYmQ2YTAz ), umfasste eine kostenlose Notfallambulanz f\u00fcr die Stadtbev\u00f6lkerung, eine Ambulanz f\u00fcr Diabetiker:innen und ein Kinderimpfzentrum. Der deutsche Verein \u201eArmut und Gesundheit\u201c hat es zusammen mit \u201e\u00c4rzte ohne Grenzen\u201c gegr\u00fcndet und tr\u00e4gt die laufenden Kosten. Nach den schweren Erdbeben im Februar 2023 wurde es u.a. mit Spendengeldern der \u201eKinderhilfe Mesopotamien e.V.\u201c und der \u201eInitiative K\u00f6lner Helfen\u201c wieder Instand gesetzt. In Qamishlo wurde ein Behandlungszentrum f\u00fcr Dialyse-Patienten und eine Produktionsst\u00e4tte f\u00fcr medizinischen Sauerstoff zerst\u00f6rt, die auch mit Spendengeldern von deutschen Organisationen errichtet wurden. Die Mobile Klinik der St\u00e4dtepartnerschaft Friedrichshain-Kreuzberg \u2013 D\u00earik e.V., die gemeinsam mit der Frauenstiftung WJAS f\u00fcr Frauen und Kinder im Umland von D\u00earik betrieben wird, musste aufgrund der Angriffe ihre Arbeit erneut vor\u00fcbergehend einstellen, um nicht selbst zum Ziel t\u00fcrkischer Drohnen zu werden (https:\/\/staepa-derik.org\/2023\/12\/erdogans-weihnachtsgeschenk-erneute-tuerkische-luftangriffe-auch-auf-das-umland-von-derik\/). Ein von der \u201eInitiative f\u00fcr Frieden und Hoffnung in Kurdistan\u201c und anderen deutschen Initiativen initiiertes Bildungsprojekt f\u00fcr behinderte Kinder und Jugendliche in Koban\u00ea musste die Arbeit unterbrechen, weil die Kinder und das Personal evakuiert werden mussten. Mediziner:innen der Internationalen Nothilfe IEH aus Europa k\u00f6nnen wegen der anhaltenden Angriffe vor Ort keine medizinische Hilfe leisten. 712 grenznahe Schulen wurden geschlossen, 90.000 Sch\u00fcler:innen sind davon betroffen.<\/p>\n\n\n\n<p><strong>Die T\u00fcrkei initiiert neue Fluchtbewegungen<\/strong><br>Die multiethnische und multireligi\u00f6se Bev\u00f6lkerung vor Ort, die sich seit Jahren nach demokratischen, \u00f6kologischen und feministischen Werten selbstverwaltet, verliert durch die dauernden Angriffe der T\u00fcrkei jede Sicherheit und Stabilit\u00e4t. Die Menschen dort, die in unser aller Interesse den IS besiegt haben, stehen heute unter st\u00e4ndiger Bedrohung und haben keinerlei Mittel, sich gegen die allgegenw\u00e4rtigen Drohnen und die Kampfflugzeuge zu verteidigen. Die \u00f6konomische Basis bricht zusammen, von wirtschaftlicher Entwicklung ganz zu schweigen. Nord- und Ostsyrien hat sich seit \u00fcber einem Jahrzehnt zu einer Demokratie mit starken Frauen- und Minderheitenrechten entwickelt. Nachdem der sog. IS zu gro\u00dfen Vertreibungen aus der Region gef\u00fchrt hatte, ist es nun die T\u00fcrkei, die neue Fl\u00fcchtlingsstr\u00f6me zu verantworten hat. Die vielen intensiven Bombardierungen, sowie die Besetzungen von Teilen Nordsyriens durch die T\u00fcrkei haben zu neuen Fluchtbewegungen &#8211; auch nach Europa &#8211; gef\u00fchrt. Allein am 24.12.23 flohen mehrere hundert Menschen \u00fcber die Grenze in den Nordirak.<\/p>\n\n\n\n<p>Deutschland sollte im eigenen Interesse Fluchtursachen bek\u00e4mpfen und den Menschen Stabilit\u00e4t, Sicherheit und eine Perspektive in ihrer Heimat Nord- und Ostsyrien erm\u00f6glichen. Darum muss die Bundesregierung die Bombenangriffe des NATO-Partners T\u00fcrkei auf die zivile Infrastruktur klar verurteilen. Lassen Sie Erdo\u011fan nicht einfach gew\u00e4hren, wenn er die Region weiter destabilisiert: Denn die Intention der t\u00fcrkischen Regierung ist es, durch die fortdauernden Angriffe und Zerst\u00f6rungen die dort ans\u00e4ssige Bev\u00f6lkerung zu zerm\u00fcrben, zur Flucht zu zwingen, um letztendlich durch eine dauerhafte \u00c4nderung der Bev\u00f6lkerungsstruktur zugunsten der T\u00fcrkei eine Ausweitung des t\u00fcrkischen Staatsgebiets auf die von Erdo\u011fan angestrebte \u201eSicherheitszone\u201c zu erreichen. Dabei gibt es bisher keinen Hinweis, dass Angriffe aus Nord- und Ostsyrien auf die T\u00fcrkei jemals stattgefunden haben. Uns als in Nord- und Ostsyrien t\u00e4tige deutsche NGOs und Einzelpersonen ist wichtig, dass die Bundesregierung sich deutlich zu den t\u00fcrkischen Angriffen \u00e4u\u00dfert.<\/p>\n\n\n\n<p>Daher fordern wir:<\/p>\n\n\n\n<ul class=\"wp-block-list\">\n<li>Eine Verurteilung der Angriffe auf die Infrastruktur &amp; Zivilbev\u00f6lkerung durch die Au\u00dfenministerin und die Bundesregierung<\/li>\n\n\n\n<li>Schnelle Hilfe f\u00fcr Wiederaufbauma\u00dfnahmen der zerst\u00f6rten Infrastruktur durch das Bundesministerium f\u00fcr wirtschaftliche Zusammenarbeit im Gebiet der Selbstverwaltung<\/li>\n\n\n\n<li>Freigabe von BMZ-Mitteln auch f\u00fcr uns als kleine NGOs<\/li>\n\n\n\n<li>Einsatz bei der NATO und dem UN-Sicherheitsrat f\u00fcr eine Flugverbotszone gegen die T\u00fcrkei \u00fcber Nord- und Ostsyrien sowie den Nordirak und das ezidische Siedlungsgebiet in Shengal<\/li>\n\n\n\n<li>Keine Waffenlieferungen oder Drohnenkomponenten an die T\u00fcrkei<\/li>\n<\/ul>\n\n\n\n<p>Lassen Sie uns gemeinsam auf die Lage und die Zerst\u00f6rungen in Nord- und Ostsyrien aufmerksam machen! Wir werden alles versuchen, um die Zivilbev\u00f6lkerung beim Wiederaufbau der zivilen Infrastruktur zu unterst\u00fctzen!<\/p>\n\n\n\n<p><strong>Unterzeichnende Organisationen (in alphabetischer Reihenfolge):<\/strong><br>Adopt a revolution (https:\/\/adoptrevolution.org\/en\/)<br>Akram Naasan: Arzt f\u00fcr Notfallmedizin<br>Dialogkreis e.V. (dialogkreis@web.de)<br>Dr. Michael Wilk: Notarzt, Psychotherapeut (https:\/\/twitter.com\/drmwilk)<br>Gesellschaft f\u00fcr bedrohte V\u00f6lker e.V. (GfbV) (https:\/\/www.gfbv.de\/ )<br>Initiative f\u00fcr Frieden und Hoffnung in Kurdistan e.V. (https:\/\/www.initiative-kurdistan.org\/ )<br>Initiative K\u00f6lner helfen (www.k\u00f6lner-helfen.de )<br>Internationale Nothilfe (IEH) (https:\/\/www.internationalenothilfe.de )<br>Kinderhilfe Mesopotamien e.V. (www.kinderhilfe-mesopotamien.de )<br>K\u00f6lner Spendenkonvoi e.V.<br>medico international (www.medico.de )<br>Projekt f\u00fcr Bildung e.V. (www.Projekt4bildung.de)<br>St\u00e4dtefreundschaft Frankfurt \u2013 Koban\u00ea e.V. (https:\/\/frankfurt-kobane.org\/ )<br>St\u00e4dtepartnerschaft Friedrichshain-Kreuzberg \u2013 D\u00earik e.V. (https:\/\/staepa-derik.org\/ )<br>St\u00e4dtepartnerschaft K\u00f6ln &#8211; Qamishlo<br>St\u00e4dtepartnerschaft Oldenburg \u2013 Raqqa e.V. (https:\/\/ol-raqqa.de )<br>Verein Armut und Gesundheit e.V. (https:\/\/www.armut-gesundheit.de\/ )<br>Welle \u2013 Zentrum f\u00fcr Traumap\u00e4dagogik (https:\/\/www.traumapaedagogik-ztp.de\/ )<br>you-are-welcome (www.you-are-welcome.at )<\/p>\n\n\n\n<p><strong>Weitere Unterzeichner<\/strong>:<br>Johannes Adam, Facharzt f\u00fcr Allgemeinmedizin, Innere Medizin, Palliativmedizin<br>Auge F\u00fcr Freiheit<br>Dr. Ottomar Bahrs, Sprecher des Dachverbands Salutogenese e.V., G\u00f6ttingen<br>Karolin Behlert, umwelt- und ordnungspolitische Sprecherin der Linksfraktion in der BVV Friedrichshain-Kreuzberg<br>Dr. med. Julia Bellert<br>Peter Bindl, Wiesbaden<br>Dr. med. Monika Bittner, M\u00fcnchen<br>Uli B\u00f6hmer, IG Metall, wohnhaft in Wiesbaden<br>Hubert Bredel, Speyer <br>Dr. med. Christof BraunJ\u00f6rn Buldmann, Facharzt f\u00fcr Allgemeinmedizin<br>Monika Bunse<br>Volker Bunse<br>Dr. med. Cornelia Buldmann<br>Barbara C\u00e1rdenas,\u00a0ehemalige Landtagsabgeordnete und Stadtr\u00e4tin der Kreisstadt Dietzenbach<br>Dr. med. Christa Doerr<br>Johanna Doliwa, Fach\u00e4rztin f\u00fcr Psychosomatische Medizin und Psychotherapie, Freiburg<br>Irmgard Dragon<br>Fabian Dzewas-Rehm, Gewerkschaftssekret\u00e4r, Marburg<br>Dr. med. G\u00fcnther Egidi<br>Janis Ehling, Mitglied des PArteivorstands DIE LINKE<br>Elke Enderwitz, Frankfurt<br>Andres Enssle<br>Familien f\u00fcr den Frieden e.V.<br>\u00c7iler F\u0131rt\u0131na, Dolmetscherin<br>Flamingo e.V.<br>F\u00f6rderverein der Kreispartnerschaft Herford \u2013 Kobane\/Nordsyrien e.V.<br>Lydia F\u00f6rster, Darmstadt<br>Freedom For Iran<br>Prof. Dr. med. Michael Freitag<br>Jutta Friedrich\u00a0<br>Tilman Friedrich-S\u00f6hner<br>Ludwig Fr\u00fchwald\u00a0<br>Taina G\u00e4rtner, Bezirksverordnete der Gr\u00fcnen in Friedrichshain-Kreuzber, Berlin<br>Thomas Gedig und Ute Ru\u00df (Eltern von \u015eehid Konstantin Gedig alias Andok Cotkar)<br>Gemeinschaftspraxis<br>Dres. Teschner und K\u00f6rner und Team, Frankfurt am Main<br>Dr. med. Carsten Gieseking<br>Annekatrin Grieser, Allgemein\u00e4rztin Bremen<br>Dr. med. Michaela Gl\u00f6ckler, Dornach, Schweiz<br>\u015eermin G\u00fcven (Disaster Research Unit, Freie Universit\u00e4t Berlin)<br>Hana Habtom<br>Daniela Hackmann, M.A.<br>Dr.med.Gerd Hackmann<br>Almut Haneberg, Kinder- und Jugendlichenpsychotherapeutin<br>Diether Heesemann, Frankfurt<br>Hevrin Khalev Heilkr\u00e4utergarten<br>Initiative f\u00fcr den Bau einer M\u00e4dchenberufsschule f\u00fcr Koban\u00ea\/Landkreis F\u00fcrstenfeldbruck<br>Dastan Jasim, Politikwissenschaftlerin<br>Jinwar Komitee Europa<br>Eike Jogwer-Welz, Psychotherapeutin<br>Dr. med. Vanadis Kamm \u2013 Kohl<br>Franz Kasper, R\u00f6merberg<br>Dr. med. Wolfgang Keske<br>Dr. Achim Kessler, ehemaliger Bundestagsabgeordneter<br>Carolin Kirsch, MdL NRW<br>Dr. Hans-G\u00fcnter Kleff, Politikwissenschaftler<br>Hildegard Klein<br>Harald Kliczbor<br>Joachim Kolb, Facharzt f\u00fcr Allgemeinmedizin<br>Roswita und Christoph Kowarsch, Braunschweig<br>Dr. Robert Krieg, Filmemacher<br>Dr. med. Isabel Kriegeskotten- Thiede<br>Petra Kropf, Pharmazeutin<br>Dr. med. Bernhard Lache, Bremen<br>Dr. med. Wolf-Dietrich Langhof, Delmenhorst<br>Dr. med. Roland Leister<br>Birgitt Lugert, Eberstadt<br>Elena Lugert, Krankenschwester<br>Dr. med. Dorit Maoz<br>Dipl. Ing. Volker Marx, Frankfurt am Main<br>Dr. med. Willi Mast, Gelsenkirchen<br>Medizin f\u00fcr Rojava<br>Heidi Merk, Nieders\u00e4chsische Landesjustizministerin a. D.<br>Dr. med. Klaus G. Meyer<br>Lioba M\u00fcller<br>Ruben Neugebauer<br>Tobias Phillipp<br>Uschi Reimer, Schifferstadt<br>Anke Rhenius<br>Responders e. V. \u2013 Bildung durch Begegnung<br>Manuela Rosenfeldt<br>Rote Hilfe OG Frankfurt am Main<br>Cornelia Schlothauer,\u00a0 Kunsttherapeutin<br>Dr. h. c. Herbert Schmalstieg, Oberb\u00fcrgermeister der Landeshauptstadt Hannover a. D., Sprecher des Freundeskreises Hannover-Diyarbakir<br>Dr. med. Thomas Schultes<br>Seebr\u00fccke Krefeld<br>Dr. med. Joachim Seffrin<br>Philippe Sellin<br>Christoph Silber<br>Dr. med. Wolfgang Schneider-Rathert<br>Dr. med. Christoph Schulz, Konstanz<br>Christoph Seidler, Sprachlehrer<br>Dr. med. Bettina Speiser<br>Michael Spiecker, Musiker, Schwabach<br>R\u00fcdiger Spies, Arzt f\u00fcr Allgemeinmedizin, Bremerhaven<br>Maria Stamborski<br>Uwe Steinle, Glatten<br>Dr. med. Holger Steuernagel<br>Ulrike Steurer, \u00c4rztin f\u00fcr Allgemeinmedizin<br>Stiftung der Freien Frau in Syrien (WJAS), Deutschland<br>Dr.med.univ. Florian Stockinger<br>Martin Straube, Arzt, Psychotraumatologe, Mitarbeiter der NGO \u201eFreunde der Erziehungskunst \u2013 Notfallp\u00e4dagogik\u201c<br>Dr.med Frank St\u00fcven, Hausarzt in Hamburg<br>Take Action 4 Iran, Frankfurt<br>TERRE DES FEMMES Menschenrechte f\u00fcr die Frau e. V.\u00a0<br>Manfred Thielen, Arzt<br>TOKATA -LPSG RheinMain e.V., Verein zur Unterst\u00fctzung indigener Sozial-, Umwelt-, Kultur- und Menschenrechtsprojekte &amp;.Leonard PeltiernSupport Group<br>Claudia Tull, Frankfurt<br>Dr. med. Til Uebel<br>Julia Veil, Fach\u00e4rztin f\u00fcr innere Medizin und Kardiologie<br>Dr. med. Dietmar Werner<br>Sybille Weiss, Sozialarbeiterin<br>Gabriele Weiter, Speyer<br>Wolfgang Weiter, Speyer<br>Dr. Christopher Wimmer, Autor<br>Wilhelmine und Helmut Wimmer, Teising<br>Stephan Wirtz, Frankfurt<br>Women Defend Rojava, Frankfurt am Main<br>Dr. med. Ulrich Wortmann<br>Andrea Zelle, Heilpraktikerin<br>Heinz Zemke, Braunschweig<\/p>\n\n\n\n<p>Weitere Unterschriften bitte an:&nbsp;<strong>frankfurt-kobane@gmx.de<\/strong><\/p>\n\n\n\n<p><\/p>\n\n\n\n<p><\/p>\n","protected":false},"excerpt":{"rendered":"<p>02.01.2024Zwischen dem 23. und 26. Dezember flogen t\u00fcrkische Kampfflugzeuge und Drohnen 74 Angriffe auf die kritische Infrastruktur Nord- und Ostsyriens (medizinische Einrichtungen, Kulturg\u00fcter, Wasser- und Lebensmittelversorgung), was international als Kriegsverbrechen gilt. Die Bombardierungen hielten in minderer Intensit\u00e4t bis zum 30.12.23 an. Das t\u00fcrkische Verteidigungsministerium bezeichnete die Angriffe als \u201eVergeltung\u201c f\u00fcr [&hellip;]<\/p>\n","protected":false},"author":5,"featured_media":0,"comment_status":"closed","ping_status":"open","sticky":false,"template":"","format":"standard","meta":{"ngg_post_thumbnail":0,"_jetpack_newsletter_access":"","_jetpack_dont_email_post_to_subs":false,"_jetpack_newsletter_tier_id":0,"footnotes":""},"categories":[6],"tags":[],"class_list":["post-784","post","type-post","status-publish","format-standard","hentry","category-startseite"],"jetpack_featured_media_url":"","jetpack_sharing_enabled":true,"jetpack_shortlink":"https:\/\/wp.me\/pbsrxO-cE","_links":{"self":[{"href":"https:\/\/kinderhilfe-mesopotamien.de\/kime-prd\/index.php?rest_route=\/wp\/v2\/posts\/784","targetHints":{"allow":["GET"]}}],"collection":[{"href":"https:\/\/kinderhilfe-mesopotamien.de\/kime-prd\/index.php?rest_route=\/wp\/v2\/posts"}],"about":[{"href":"https:\/\/kinderhilfe-mesopotamien.de\/kime-prd\/index.php?rest_route=\/wp\/v2\/types\/post"}],"author":[{"embeddable":true,"href":"https:\/\/kinderhilfe-mesopotamien.de\/kime-prd\/index.php?rest_route=\/wp\/v2\/users\/5"}],"replies":[{"embeddable":true,"href":"https:\/\/kinderhilfe-mesopotamien.de\/kime-prd\/index.php?rest_route=%2Fwp%2Fv2%2Fcomments&post=784"}],"version-history":[{"count":3,"href":"https:\/\/kinderhilfe-mesopotamien.de\/kime-prd\/index.php?rest_route=\/wp\/v2\/posts\/784\/revisions"}],"predecessor-version":[{"id":788,"href":"https:\/\/kinderhilfe-mesopotamien.de\/kime-prd\/index.php?rest_route=\/wp\/v2\/posts\/784\/revisions\/788"}],"wp:attachment":[{"href":"https:\/\/kinderhilfe-mesopotamien.de\/kime-prd\/index.php?rest_route=%2Fwp%2Fv2%2Fmedia&parent=784"}],"wp:term":[{"taxonomy":"category","embeddable":true,"href":"https:\/\/kinderhilfe-mesopotamien.de\/kime-prd\/index.php?rest_route=%2Fwp%2Fv2%2Fcategories&post=784"},{"taxonomy":"post_tag","embeddable":true,"href":"https:\/\/kinderhilfe-mesopotamien.de\/kime-prd\/index.php?rest_route=%2Fwp%2Fv2%2Ftags&post=784"}],"curies":[{"name":"wp","href":"https:\/\/api.w.org\/{rel}","templated":true}]}}