{"id":807,"date":"2024-02-03T18:33:52","date_gmt":"2024-02-03T16:33:52","guid":{"rendered":"http:\/\/kinderhilfe-mesopotamien.de\/kime-prd\/?p=807"},"modified":"2024-02-04T16:37:30","modified_gmt":"2024-02-04T14:37:30","slug":"veranstaltung-solidaritaet-mit-den-erdbebenopfern","status":"publish","type":"post","link":"https:\/\/kinderhilfe-mesopotamien.de\/kime-prd\/?p=807","title":{"rendered":"Veranstaltung \u201eSolidarit\u00e4t mit den Erdbebenopfern\u201c"},"content":{"rendered":"\n<p>Unser Verein &#8222;Kinderhilfe Mesopotamien e.V.&#8220; und unsere Initiative &#8222;K\u00f6lner Helfen&#8220; sind Kooperationspartnerinnen der Gedenk- und Informationsveranstaltung des &#8222;Kulturforum T\u00fcrkei-Deutschland&#8220; am 05. Februar 2024 in der K\u00f6lner Flora &#8211; ein Jahr nach den Erdbeben in Nord-Syrien und der T\u00fcrkei. <\/p>\n\n\n\n<p>Der Eintritt ist frei, aber eine Anmeldung (per Mail oder QR-Code) erforderlich. <\/p>\n\n\n\n<p>Eintritt frei \u2013 Anmeldung und Best\u00e4tigung erforderlich:\u00a0<a href=\"mailto:reservierung@das-kulturforum.de\" target=\"_blank\" rel=\"noreferrer noopener\">reservierung@das-kulturforum.de<\/a><\/p>\n\n\n\n<p>Wir freuen uns, Sie\/ Euch dort zu sehen! <\/p>\n\n\n\n<figure class=\"wp-block-image size-full\"><a href=\"http:\/\/kinderhilfe-mesopotamien.de\/kime-prd\/wp-content\/uploads\/2024\/02\/Gedenkveranstaltung-Jahrestag-Erdbeben-TR-SYR-5.2.24-in-der-Flora_Infos.jpg\"><img loading=\"lazy\" decoding=\"async\" width=\"992\" height=\"462\" src=\"http:\/\/kinderhilfe-mesopotamien.de\/kime-prd\/wp-content\/uploads\/2024\/02\/Gedenkveranstaltung-Jahrestag-Erdbeben-TR-SYR-5.2.24-in-der-Flora_Infos.jpg\" alt=\"\" class=\"wp-image-809\" srcset=\"https:\/\/kinderhilfe-mesopotamien.de\/kime-prd\/wp-content\/uploads\/2024\/02\/Gedenkveranstaltung-Jahrestag-Erdbeben-TR-SYR-5.2.24-in-der-Flora_Infos.jpg 992w, https:\/\/kinderhilfe-mesopotamien.de\/kime-prd\/wp-content\/uploads\/2024\/02\/Gedenkveranstaltung-Jahrestag-Erdbeben-TR-SYR-5.2.24-in-der-Flora_Infos-600x279.jpg 600w, https:\/\/kinderhilfe-mesopotamien.de\/kime-prd\/wp-content\/uploads\/2024\/02\/Gedenkveranstaltung-Jahrestag-Erdbeben-TR-SYR-5.2.24-in-der-Flora_Infos-300x140.jpg 300w, https:\/\/kinderhilfe-mesopotamien.de\/kime-prd\/wp-content\/uploads\/2024\/02\/Gedenkveranstaltung-Jahrestag-Erdbeben-TR-SYR-5.2.24-in-der-Flora_Infos-768x358.jpg 768w\" sizes=\"auto, (max-width: 992px) 100vw, 992px\" \/><\/a><\/figure>\n\n\n\n<figure class=\"wp-block-image size-full\"><a href=\"http:\/\/kinderhilfe-mesopotamien.de\/kime-prd\/wp-content\/uploads\/2024\/02\/Gedenkveranstaltung-Jahrestag-Erdbeben-TR-SYR-5.2.24-in-der-Flora_Information_Text.jpg\"><img loading=\"lazy\" decoding=\"async\" width=\"627\" height=\"446\" src=\"http:\/\/kinderhilfe-mesopotamien.de\/kime-prd\/wp-content\/uploads\/2024\/02\/Gedenkveranstaltung-Jahrestag-Erdbeben-TR-SYR-5.2.24-in-der-Flora_Information_Text.jpg\" alt=\"\" class=\"wp-image-810\" srcset=\"https:\/\/kinderhilfe-mesopotamien.de\/kime-prd\/wp-content\/uploads\/2024\/02\/Gedenkveranstaltung-Jahrestag-Erdbeben-TR-SYR-5.2.24-in-der-Flora_Information_Text.jpg 627w, https:\/\/kinderhilfe-mesopotamien.de\/kime-prd\/wp-content\/uploads\/2024\/02\/Gedenkveranstaltung-Jahrestag-Erdbeben-TR-SYR-5.2.24-in-der-Flora_Information_Text-600x427.jpg 600w, https:\/\/kinderhilfe-mesopotamien.de\/kime-prd\/wp-content\/uploads\/2024\/02\/Gedenkveranstaltung-Jahrestag-Erdbeben-TR-SYR-5.2.24-in-der-Flora_Information_Text-300x213.jpg 300w\" sizes=\"auto, (max-width: 627px) 100vw, 627px\" \/><\/a><\/figure>\n\n\n\n<figure class=\"wp-block-image size-full\"><a href=\"http:\/\/kinderhilfe-mesopotamien.de\/kime-prd\/wp-content\/uploads\/2024\/02\/Gedenkveranstaltung-Jahrestag-Erdbeben-TR-SYR-5.2.24-in-der-Flora.mp4\"><img decoding=\"async\" src=\"http:\/\/kinderhilfe-mesopotamien.de\/kime-prd\/wp-content\/uploads\/2024\/02\/Gedenkveranstaltung-Jahrestag-Erdbeben-TR-SYR-5.2.24-in-der-Flora.mp4\" alt=\"\" class=\"wp-image-821\"\/><\/a><\/figure>\n","protected":false},"excerpt":{"rendered":"<p>Unser Verein &#8222;Kinderhilfe Mesopotamien e.V.&#8220; und unsere Initiative &#8222;K\u00f6lner Helfen&#8220; sind Kooperationspartnerinnen der Gedenk- und Informationsveranstaltung des &#8222;Kulturforum T\u00fcrkei-Deutschland&#8220; am 05. Februar 2024 in der K\u00f6lner Flora &#8211; ein Jahr nach den Erdbeben in Nord-Syrien und der T\u00fcrkei. Der Eintritt ist frei, aber eine Anmeldung (per Mail oder QR-Code) erforderlich. [&hellip;]<\/p>\n","protected":false},"author":7,"featured_media":820,"comment_status":"closed","ping_status":"open","sticky":false,"template":"","format":"standard","meta":{"ngg_post_thumbnail":0,"_jetpack_newsletter_access":"","_jetpack_dont_email_post_to_subs":false,"_jetpack_newsletter_tier_id":0,"footnotes":""},"categories":[6],"tags":[],"class_list":["post-807","post","type-post","status-publish","format-standard","has-post-thumbnail","hentry","category-startseite"],"jetpack_featured_media_url":"https:\/\/kinderhilfe-mesopotamien.de\/kime-prd\/wp-content\/uploads\/2024\/02\/Gedenkveranstaltung-Jahrestag-Erdbeben-TR-SYR-5.2.24-in-der-Flora_Infos-1.jpg","jetpack_sharing_enabled":true,"jetpack_shortlink":"https:\/\/wp.me\/pbsrxO-d1","_links":{"self":[{"href":"https:\/\/kinderhilfe-mesopotamien.de\/kime-prd\/index.php?rest_route=\/wp\/v2\/posts\/807","targetHints":{"allow":["GET"]}}],"collection":[{"href":"https:\/\/kinderhilfe-mesopotamien.de\/kime-prd\/index.php?rest_route=\/wp\/v2\/posts"}],"about":[{"href":"https:\/\/kinderhilfe-mesopotamien.de\/kime-prd\/index.php?rest_route=\/wp\/v2\/types\/post"}],"author":[{"embeddable":true,"href":"https:\/\/kinderhilfe-mesopotamien.de\/kime-prd\/index.php?rest_route=\/wp\/v2\/users\/7"}],"replies":[{"embeddable":true,"href":"https:\/\/kinderhilfe-mesopotamien.de\/kime-prd\/index.php?rest_route=%2Fwp%2Fv2%2Fcomments&post=807"}],"version-history":[{"count":14,"href":"https:\/\/kinderhilfe-mesopotamien.de\/kime-prd\/index.php?rest_route=\/wp\/v2\/posts\/807\/revisions"}],"predecessor-version":[{"id":924,"href":"https:\/\/kinderhilfe-mesopotamien.de\/kime-prd\/index.php?rest_route=\/wp\/v2\/posts\/807\/revisions\/924"}],"wp:featuredmedia":[{"embeddable":true,"href":"https:\/\/kinderhilfe-mesopotamien.de\/kime-prd\/index.php?rest_route=\/wp\/v2\/media\/820"}],"wp:attachment":[{"href":"https:\/\/kinderhilfe-mesopotamien.de\/kime-prd\/index.php?rest_route=%2Fwp%2Fv2%2Fmedia&parent=807"}],"wp:term":[{"taxonomy":"category","embeddable":true,"href":"https:\/\/kinderhilfe-mesopotamien.de\/kime-prd\/index.php?rest_route=%2Fwp%2Fv2%2Fcategories&post=807"},{"taxonomy":"post_tag","embeddable":true,"href":"https:\/\/kinderhilfe-mesopotamien.de\/kime-prd\/index.php?rest_route=%2Fwp%2Fv2%2Ftags&post=807"}],"curies":[{"name":"wp","href":"https:\/\/api.w.org\/{rel}","templated":true}]}}