{"id":951,"date":"2024-03-06T23:32:20","date_gmt":"2024-03-06T21:32:20","guid":{"rendered":"http:\/\/kinderhilfe-mesopotamien.de\/kime-prd\/?p=951"},"modified":"2024-03-06T23:37:20","modified_gmt":"2024-03-06T21:37:20","slug":"newroz-fest-am-21-3-2024-im-buergerzentrum-ehrenfeld-koeln","status":"publish","type":"post","link":"https:\/\/kinderhilfe-mesopotamien.de\/kime-prd\/?p=951","title":{"rendered":"Newroz Fest am 21.3.2024 im B\u00fcrgerzentrum Ehrenfeld (K\u00f6ln)"},"content":{"rendered":"\n<p><\/p>\n\n\n\n<figure class=\"wp-block-image size-large is-resized\"><a href=\"http:\/\/kinderhilfe-mesopotamien.de\/kime-prd\/wp-content\/uploads\/2024\/03\/NEWROZ-FEST-im-BueZe-2024-KiMe-KH-und-StaePa-K-Qamishlo_MusikerInnen.jpg\"><img loading=\"lazy\" decoding=\"async\" width=\"819\" height=\"1024\" src=\"http:\/\/kinderhilfe-mesopotamien.de\/kime-prd\/wp-content\/uploads\/2024\/03\/NEWROZ-FEST-im-BueZe-2024-KiMe-KH-und-StaePa-K-Qamishlo_MusikerInnen-819x1024.jpg\" alt=\"\" class=\"wp-image-952\" style=\"width:462px;height:auto\" srcset=\"https:\/\/kinderhilfe-mesopotamien.de\/kime-prd\/wp-content\/uploads\/2024\/03\/NEWROZ-FEST-im-BueZe-2024-KiMe-KH-und-StaePa-K-Qamishlo_MusikerInnen-819x1024.jpg 819w, https:\/\/kinderhilfe-mesopotamien.de\/kime-prd\/wp-content\/uploads\/2024\/03\/NEWROZ-FEST-im-BueZe-2024-KiMe-KH-und-StaePa-K-Qamishlo_MusikerInnen-240x300.jpg 240w, https:\/\/kinderhilfe-mesopotamien.de\/kime-prd\/wp-content\/uploads\/2024\/03\/NEWROZ-FEST-im-BueZe-2024-KiMe-KH-und-StaePa-K-Qamishlo_MusikerInnen-768x960.jpg 768w, https:\/\/kinderhilfe-mesopotamien.de\/kime-prd\/wp-content\/uploads\/2024\/03\/NEWROZ-FEST-im-BueZe-2024-KiMe-KH-und-StaePa-K-Qamishlo_MusikerInnen.jpg 1080w\" sizes=\"auto, (max-width: 819px) 100vw, 819px\" \/><\/a><\/figure>\n\n\n\n<div class=\"wp-block-columns is-layout-flex wp-container-core-columns-is-layout-28f84493 wp-block-columns-is-layout-flex\">\n<div class=\"wp-block-column is-vertically-aligned-top is-layout-flow wp-block-column-is-layout-flow\" style=\"flex-basis:50%\">\n<p><strong>Einladung zum Newroz-Fest 2024<\/strong>: <\/p>\n\n\n\n<p><strong>Kinderhilfe Mesopotamien e.V. <\/strong>l\u00e4dt mit ihrer <strong>Initiative &#8222;K\u00f6lner Helfen&#8220;<\/strong> und dem u.a. von KiMe-Mitgliedern neu gegr\u00fcndeten Verein <strong>&#8222;St\u00e4dtepartnerschaft K\u00f6ln-Qamishlo&#8220; <\/strong>herzlich zu einer gemeinsamen Feier des <strong>kurdischen Neujahrsfest Newroz<\/strong> ein.<\/p>\n\n\n\n<p><strong>Unser Newroz-Fest 2024 <\/strong>findet statt<\/p>\n\n\n\n<p>am Donnerstag,<strong> den 21.03.2024&nbsp;ab 18 Uhr<\/strong><\/p>\n\n\n\n<p><strong>im B\u00fcrgerzentrum Ehrenfeld, <\/strong><\/p>\n\n\n\n<p>Venloer Str. 429, 50825 K\u00f6ln.<br><br><strong>Newroz<\/strong> ist ein Fest des Neubeginns und geh\u00f6rt zu den wichtigsten kurdischen Feiertagen. Es steht f\u00fcr den Beginn des Fr\u00fchlings und dient als Symbol f\u00fcr die Sehnsucht nach Frieden und Freiheit. <strong>Newroz<\/strong> ist\u00a0eine der wichtigsten S\u00e4ulen der kurdischen Identit\u00e4t, denn es steht seit jeher f\u00fcr den Kampf der Anerkennung und somit f\u00fcr den Kampf wesentlicher Grund- und Menschenrechte.<\/p>\n\n\n\n<p>Es wird ein kurzes <strong>Programm <\/strong>mit <strong>Beitr\u00e4gen und Berichten zur Lage vor Ort<\/strong> in Nord- und Westkurdistan (Ostt\u00fcrkei und Nordsyrien) geben.&nbsp;<\/p>\n\n\n\n<p>Im Anschluss m\u00f6chten wir den Abend zusammen mit euch bei <strong>Govend (Tanz) zu live Musik von Ali (Agir\u00ea) Jiyan, Zinar Sozdar<\/strong>, <strong>Asli Zelal <\/strong>und <strong>Sidal \u00c7akar<\/strong>, Essen und Trinken, dem traditionellen Newroz-Feuer und vielen netten pers\u00f6nlichen Gespr\u00e4chen verbringen. &nbsp;<\/p>\n\n\n\n<p><strong>Der Eintritt ist frei<\/strong>, zur Deckung der Kosten und Unterst\u00fctzung der Projekte vor Ort sind <strong>Spenden<\/strong> <strong>erw\u00fcnscht<\/strong>.<\/p>\n\n\n\n<p><strong>Wir freuen uns auf euch und eure Freunde und Bekannte<\/strong> &#8211; leitet die Infos und das Poster gerne weiter!<\/p>\n\n\n\n<p>Euer Vorstand der Kinderhilfe Mesopotamien e.V.\/ K\u00f6lner Helfen und der St\u00e4dtepartnerschaft K\u00f6ln-Qamishlo<\/p>\n\n\n\n<p><\/p>\n<\/div>\n\n\n\n<div class=\"wp-block-column is-layout-flow wp-block-column-is-layout-flow\" style=\"flex-basis:50%\"><\/div>\n<\/div>\n","protected":false},"excerpt":{"rendered":"<p>Einladung zum Newroz-Fest 2024: Kinderhilfe Mesopotamien e.V. l\u00e4dt mit ihrer Initiative &#8222;K\u00f6lner Helfen&#8220; und dem u.a. von KiMe-Mitgliedern neu gegr\u00fcndeten Verein &#8222;St\u00e4dtepartnerschaft K\u00f6ln-Qamishlo&#8220; herzlich zu einer gemeinsamen Feier des kurdischen Neujahrsfest Newroz ein. Unser Newroz-Fest 2024 findet statt am Donnerstag, den 21.03.2024&nbsp;ab 18 Uhr im B\u00fcrgerzentrum Ehrenfeld, Venloer Str. 429, [&hellip;]<\/p>\n","protected":false},"author":7,"featured_media":953,"comment_status":"closed","ping_status":"open","sticky":false,"template":"","format":"standard","meta":{"ngg_post_thumbnail":0,"_jetpack_newsletter_access":"","_jetpack_dont_email_post_to_subs":false,"_jetpack_newsletter_tier_id":0,"footnotes":""},"categories":[6],"tags":[],"class_list":["post-951","post","type-post","status-publish","format-standard","has-post-thumbnail","hentry","category-startseite"],"jetpack_featured_media_url":"https:\/\/kinderhilfe-mesopotamien.de\/kime-prd\/wp-content\/uploads\/2024\/03\/NEWROZ-FEST-im-BueZe-2024-KiMe-KH-und-StaePa-K-Qamishlo_MusikerInnen-1.jpg","jetpack_sharing_enabled":true,"jetpack_shortlink":"https:\/\/wp.me\/pbsrxO-fl","_links":{"self":[{"href":"https:\/\/kinderhilfe-mesopotamien.de\/kime-prd\/index.php?rest_route=\/wp\/v2\/posts\/951","targetHints":{"allow":["GET"]}}],"collection":[{"href":"https:\/\/kinderhilfe-mesopotamien.de\/kime-prd\/index.php?rest_route=\/wp\/v2\/posts"}],"about":[{"href":"https:\/\/kinderhilfe-mesopotamien.de\/kime-prd\/index.php?rest_route=\/wp\/v2\/types\/post"}],"author":[{"embeddable":true,"href":"https:\/\/kinderhilfe-mesopotamien.de\/kime-prd\/index.php?rest_route=\/wp\/v2\/users\/7"}],"replies":[{"embeddable":true,"href":"https:\/\/kinderhilfe-mesopotamien.de\/kime-prd\/index.php?rest_route=%2Fwp%2Fv2%2Fcomments&post=951"}],"version-history":[{"count":3,"href":"https:\/\/kinderhilfe-mesopotamien.de\/kime-prd\/index.php?rest_route=\/wp\/v2\/posts\/951\/revisions"}],"predecessor-version":[{"id":957,"href":"https:\/\/kinderhilfe-mesopotamien.de\/kime-prd\/index.php?rest_route=\/wp\/v2\/posts\/951\/revisions\/957"}],"wp:featuredmedia":[{"embeddable":true,"href":"https:\/\/kinderhilfe-mesopotamien.de\/kime-prd\/index.php?rest_route=\/wp\/v2\/media\/953"}],"wp:attachment":[{"href":"https:\/\/kinderhilfe-mesopotamien.de\/kime-prd\/index.php?rest_route=%2Fwp%2Fv2%2Fmedia&parent=951"}],"wp:term":[{"taxonomy":"category","embeddable":true,"href":"https:\/\/kinderhilfe-mesopotamien.de\/kime-prd\/index.php?rest_route=%2Fwp%2Fv2%2Fcategories&post=951"},{"taxonomy":"post_tag","embeddable":true,"href":"https:\/\/kinderhilfe-mesopotamien.de\/kime-prd\/index.php?rest_route=%2Fwp%2Fv2%2Ftags&post=951"}],"curies":[{"name":"wp","href":"https:\/\/api.w.org\/{rel}","templated":true}]}}